{"id":6838,"date":"2023-07-31T21:50:36","date_gmt":"2023-07-31T19:50:36","guid":{"rendered":"https:\/\/www.jaksch.se\/?p=6838"},"modified":"2023-07-31T21:50:36","modified_gmt":"2023-07-31T19:50:36","slug":"och-annu-en-panel","status":"publish","type":"post","link":"https:\/\/www.jaksch.se\/?p=6838","title":{"rendered":"Och \u00e4nnu en panel"},"content":{"rendered":"<p>S\u00e5, nu \u00e4r sista panelen p\u00e5 plats.<br \/>\n<a href=\"https:\/\/www.jaksch.se\/wp-content\/uploads\/2023\/07\/20230731_214144-scaled.jpg\"><img loading=\"lazy\" decoding=\"async\" class=\"alignnone size-medium wp-image-6839\" src=\"https:\/\/www.jaksch.se\/wp-content\/uploads\/2023\/07\/20230731_214144-300x225.jpg\" alt=\"\" width=\"300\" height=\"225\" srcset=\"https:\/\/www.jaksch.se\/wp-content\/uploads\/2023\/07\/20230731_214144-300x225.jpg 300w, https:\/\/www.jaksch.se\/wp-content\/uploads\/2023\/07\/20230731_214144-1024x768.jpg 1024w, https:\/\/www.jaksch.se\/wp-content\/uploads\/2023\/07\/20230731_214144-768x576.jpg 768w, https:\/\/www.jaksch.se\/wp-content\/uploads\/2023\/07\/20230731_214144-1536x1152.jpg 1536w, https:\/\/www.jaksch.se\/wp-content\/uploads\/2023\/07\/20230731_214144-2048x1536.jpg 2048w, https:\/\/www.jaksch.se\/wp-content\/uploads\/2023\/07\/20230731_214144-1200x900.jpg 1200w\" sizes=\"auto, (max-width: 300px) 85vw, 300px\" \/><\/a><\/p>\n<p>Nu beh\u00f6ver jag bara utveckla orangutangarmar, s\u00e5 att jag n\u00e5r runt till bagaget f\u00f6r att kunna h\u00e5lla fast muttrarna till skruven som h\u00e5ller panelen.<\/p>\n<p>Sedan \u00e4r det dags f\u00f6r de sista mattorna.<\/p>\n<p>M\u00e5ste s\u00e4ga att den r\u00f6da inredningen passar ganska bra mot den bl\u00e5 f\u00e4rgen. Konstigt att inte MG hade detta som en egen kombination.<\/p>\n","protected":false},"excerpt":{"rendered":"<p>S\u00e5, nu \u00e4r sista panelen p\u00e5 plats. Nu beh\u00f6ver jag bara utveckla orangutangarmar, s\u00e5 att jag n\u00e5r runt till bagaget f\u00f6r att kunna h\u00e5lla fast muttrarna till skruven som h\u00e5ller panelen. Sedan \u00e4r det dags f\u00f6r de sista mattorna. M\u00e5ste s\u00e4ga att den r\u00f6da inredningen passar ganska bra mot den bl\u00e5 f\u00e4rgen. Konstigt att inte &hellip; <a href=\"https:\/\/www.jaksch.se\/?p=6838\" class=\"more-link\">Forts\u00e4tt l\u00e4sa<span class=\"screen-reader-text\"> \u201dOch \u00e4nnu en panel\u201d<\/span><\/a><\/p>\n","protected":false},"author":2,"featured_media":0,"comment_status":"open","ping_status":"open","sticky":false,"template":"","format":"standard","meta":{"footnotes":""},"categories":[78],"tags":[35],"class_list":["post-6838","post","type-post","status-publish","format-standard","hentry","category-mg-midget","tag-inredning"],"_links":{"self":[{"href":"https:\/\/www.jaksch.se\/index.php?rest_route=\/wp\/v2\/posts\/6838","targetHints":{"allow":["GET"]}}],"collection":[{"href":"https:\/\/www.jaksch.se\/index.php?rest_route=\/wp\/v2\/posts"}],"about":[{"href":"https:\/\/www.jaksch.se\/index.php?rest_route=\/wp\/v2\/types\/post"}],"author":[{"embeddable":true,"href":"https:\/\/www.jaksch.se\/index.php?rest_route=\/wp\/v2\/users\/2"}],"replies":[{"embeddable":true,"href":"https:\/\/www.jaksch.se\/index.php?rest_route=%2Fwp%2Fv2%2Fcomments&post=6838"}],"version-history":[{"count":1,"href":"https:\/\/www.jaksch.se\/index.php?rest_route=\/wp\/v2\/posts\/6838\/revisions"}],"predecessor-version":[{"id":6840,"href":"https:\/\/www.jaksch.se\/index.php?rest_route=\/wp\/v2\/posts\/6838\/revisions\/6840"}],"wp:attachment":[{"href":"https:\/\/www.jaksch.se\/index.php?rest_route=%2Fwp%2Fv2%2Fmedia&parent=6838"}],"wp:term":[{"taxonomy":"category","embeddable":true,"href":"https:\/\/www.jaksch.se\/index.php?rest_route=%2Fwp%2Fv2%2Fcategories&post=6838"},{"taxonomy":"post_tag","embeddable":true,"href":"https:\/\/www.jaksch.se\/index.php?rest_route=%2Fwp%2Fv2%2Ftags&post=6838"}],"curies":[{"name":"wp","href":"https:\/\/api.w.org\/{rel}","templated":true}]}}